{"id":2139,"date":"2025-06-05T12:44:11","date_gmt":"2025-06-05T12:44:11","guid":{"rendered":"https:\/\/dev.sevegra.com\/?p=2139"},"modified":"2025-06-05T12:44:12","modified_gmt":"2025-06-05T12:44:12","slug":"como-diferenciar-entre-obra-mayor-y-obra-menor-y-entender-la-dimension-de-las-reformas","status":"publish","type":"post","link":"https:\/\/sevegra.com\/en\/como-diferenciar-entre-obra-mayor-y-obra-menor-y-entender-la-dimension-de-las-reformas\/","title":{"rendered":"C\u00f3mo diferenciar entre obra mayor y obra menor y entender la dimensi\u00f3n de las reformas"},"content":{"rendered":"<p>Como puedes sospechar por su nombre, los&nbsp;t\u00e9rminos&nbsp;<strong>mayor<\/strong>&nbsp;o&nbsp;<strong>menor<\/strong>&nbsp;hacen referencia al grado y la magnitud de&nbsp;la intervenci\u00f3n. Por norma&nbsp;general, cuando las&nbsp;<strong>reformas&nbsp;<\/strong>que realizas afectan a elementos estructurales, estamos hablando de una&nbsp;<strong>obra mayor<\/strong>. Pero veamos m\u00e1s en profundidad las particularidades de cada tipo.<\/p>\n\n\n\n<h3 class=\"wp-block-heading\">Obra mayor<\/h3>\n\n\n\n<p>Como hemos dicho, se trata de obras&nbsp;que tienen como objetivo la modificaci\u00f3n de aspectos que afectan&nbsp;a<strong>&nbsp;la estructura del edificio<\/strong>. <\/p>\n\n\n\n<p>Son proyectos con una complejidad elevada y, por tanto, necesitan estar supervisados y autorizados por el Colegio Oficial de Arquitectos.<\/p>\n\n\n\n<p>El profesional a cargo deber\u00e1 desarrollar&nbsp;un&nbsp;<strong>proyecto t\u00e9cnico<\/strong>, un requisito&nbsp;indispensable para poder presentar la solicitud que te permitir\u00e1&nbsp;conseguir la correspondiente<strong>&nbsp;licencia de obra mayor<\/strong>. Este procedimiento es competencia del ayuntamiento local y puedes realizarlo de forma telem\u00e1tica o presencial.<\/p>\n\n\n\n<p>Dentro de esta categor\u00eda, se pueden incluir los cambios en el exterior de la <strong>edificaci\u00f3n<\/strong>, como pueden ser las <strong>remodelaciones<\/strong>&nbsp;en<strong> fachadas<\/strong> y <strong>cubiertas<\/strong>,&nbsp;la eliminaci\u00f3n de <strong>barreras arquitect\u00f3nicas<\/strong>, un&nbsp;cambio de caldera&nbsp;o abrir un hueco en un <strong>muro de carga<\/strong>. Las&nbsp;<strong>reformas integrales<\/strong>&nbsp;que afecten al volumen o a la superficie de la <strong>vivienda<\/strong> tambi\u00e9n son consideradas obras mayores.<\/p>\n\n\n\n<h3 class=\"wp-block-heading\">Obra menor<\/h3>\n\n\n\n<p>Por contraposici\u00f3n, en este apartado se sit\u00faan todas las labores de <strong>construcci\u00f3n <\/strong>restantes;&nbsp;es decir, aquellas que&nbsp;<strong>no repercuten en la arquitectura<\/strong>&nbsp;de la vivienda.<\/p>\n\n\n\n<p>Como es l\u00f3gico suponer, este tipo de obras son mucho m\u00e1s simples y requieren un desembolso de dinero menor para su ejecuci\u00f3n. Al ser trabajos m\u00e1s sencillos y que no afectan a la estructura del <strong>inmueble<\/strong>,&nbsp;<strong>no es necesario encargar un&nbsp;proyecto t\u00e9cnico<\/strong>. No obstante, sigue siendo imprescindible&nbsp;que solicites tu<strong>&nbsp;licencia de&nbsp;obra menor<\/strong>&nbsp;para poder llevar a cabo tus planes de mejora.<\/p>\n\n\n\n<p>Pintar, cambiar el pavimento, las peque\u00f1as reparaciones, quitar un tabique o variar las dimensiones de una habitaci\u00f3n sin tocar los elementos de carga son algunos de los ejemplos m\u00e1s comunes en esta categor\u00eda. Son reformas que la mayor\u00eda de las veces implican una mejora a nivel de <strong>interiorismo.<\/strong><\/p>\n\n\n\n<p>Ahora que ya sabes diferenciar a la perfecci\u00f3n entre los&nbsp;<strong>diferentes tipos de<\/strong>&nbsp;<strong>obra<\/strong>, te resultar\u00e1 mucho m\u00e1s f\u00e1cil saber qu\u00e9 <strong>permisos <\/strong>debes solicitar y c\u00f3mo enfrentarte al proyecto que tienes entre manos de la mejor manera posible.<\/p>","protected":false},"excerpt":{"rendered":"<p>Como puedes sospechar por su nombre, los&nbsp;t\u00e9rminos&nbsp;mayor&nbsp;o&nbsp;menor&nbsp;hacen referencia al grado y la magnitud de&nbsp;la intervenci\u00f3n. Por norma&nbsp;general, cuando las&nbsp;reformas&nbsp;que realizas afectan a elementos estructurales, estamos hablando de una&nbsp;obra mayor. Pero veamos m\u00e1s en profundidad las particularidades de cada tipo. Obra mayor Como hemos dicho, se trata de obras&nbsp;que tienen como objetivo la modificaci\u00f3n de aspectos&#8230;<\/p>","protected":false},"author":1,"featured_media":2140,"comment_status":"closed","ping_status":"closed","sticky":false,"template":"","format":"standard","meta":{"_bst_post_transparent":"","_bst_post_title":"","_bst_post_layout":"","_bst_post_sidebar_id":"","_bst_post_content_style":"","_bst_post_vertical_padding":"","_bst_post_feature":"","_bst_post_feature_position":"","_bst_post_header":false,"_bst_post_footer":false,"footnotes":""},"categories":[60],"tags":[],"class_list":["post-2139","post","type-post","status-publish","format-standard","has-post-thumbnail","hentry","category-noticias-blog"],"yoast_head":"<!-- This site is optimized with the Yoast SEO plugin v27.2 - https:\/\/yoast.com\/product\/yoast-seo-wordpress\/ -->\n<title>C\u00f3mo diferenciar entre obra mayor y obra menor y entender la dimensi\u00f3n de las reformas - Sevegra<\/title>\n<meta name=\"robots\" content=\"index, follow, max-snippet:-1, max-image-preview:large, max-video-preview:-1\" \/>\n<link rel=\"canonical\" href=\"https:\/\/sevegra.com\/en\/como-diferenciar-entre-obra-mayor-y-obra-menor-y-entender-la-dimension-de-las-reformas\/\" \/>\n<meta property=\"og:locale\" content=\"en_GB\" \/>\n<meta property=\"og:type\" content=\"article\" \/>\n<meta property=\"og:title\" content=\"C\u00f3mo diferenciar entre obra mayor y obra menor y entender la dimensi\u00f3n de las reformas - Sevegra\" \/>\n<meta property=\"og:description\" content=\"Como puedes sospechar por su nombre, los&nbsp;t\u00e9rminos&nbsp;mayor&nbsp;o&nbsp;menor&nbsp;hacen referencia al grado y la magnitud de&nbsp;la intervenci\u00f3n. Por norma&nbsp;general, cuando las&nbsp;reformas&nbsp;que realizas afectan a elementos estructurales, estamos hablando de una&nbsp;obra mayor. Pero veamos m\u00e1s en profundidad las particularidades de cada tipo. Obra mayor Como hemos dicho, se trata de obras&nbsp;que tienen como objetivo la modificaci\u00f3n de aspectos...\" \/>\n<meta property=\"og:url\" content=\"https:\/\/sevegra.com\/en\/como-diferenciar-entre-obra-mayor-y-obra-menor-y-entender-la-dimension-de-las-reformas\/\" \/>\n<meta property=\"og:site_name\" content=\"Sevegra\" \/>\n<meta property=\"article:publisher\" content=\"https:\/\/www.facebook.com\/profile.php?id=100063737971205#\" \/>\n<meta property=\"article:published_time\" content=\"2025-06-05T12:44:11+00:00\" \/>\n<meta property=\"article:modified_time\" content=\"2025-06-05T12:44:12+00:00\" \/>\n<meta property=\"og:image\" content=\"https:\/\/sevegra.com\/wp-content\/uploads\/2025\/06\/arquiteto3.jpg\" \/>\n\t<meta property=\"og:image:width\" content=\"1000\" \/>\n\t<meta property=\"og:image:height\" content=\"524\" \/>\n\t<meta property=\"og:image:type\" content=\"image\/jpeg\" \/>\n<meta name=\"author\" content=\"admin\" \/>\n<meta name=\"twitter:card\" content=\"summary_large_image\" \/>\n<meta name=\"twitter:creator\" content=\"@sevegra\" \/>\n<meta name=\"twitter:site\" content=\"@sevegra\" \/>\n<meta name=\"twitter:label1\" content=\"Written by\" \/>\n\t<meta name=\"twitter:data1\" content=\"admin\" \/>\n\t<meta name=\"twitter:label2\" content=\"Estimated reading time\" \/>\n\t<meta name=\"twitter:data2\" content=\"2 minutes\" \/>\n<script type=\"application\/ld+json\" class=\"yoast-schema-graph\">{\"@context\":\"https:\/\/schema.org\",\"@graph\":[{\"@type\":\"Article\",\"@id\":\"https:\/\/sevegra.com\/como-diferenciar-entre-obra-mayor-y-obra-menor-y-entender-la-dimension-de-las-reformas\/#article\",\"isPartOf\":{\"@id\":\"https:\/\/sevegra.com\/como-diferenciar-entre-obra-mayor-y-obra-menor-y-entender-la-dimension-de-las-reformas\/\"},\"author\":{\"name\":\"admin\",\"@id\":\"https:\/\/sevegra.com\/#\/schema\/person\/910de0094ccdb7af2afa699605359aaa\"},\"headline\":\"C\u00f3mo diferenciar entre obra mayor y obra menor y entender la dimensi\u00f3n de las reformas\",\"datePublished\":\"2025-06-05T12:44:11+00:00\",\"dateModified\":\"2025-06-05T12:44:12+00:00\",\"mainEntityOfPage\":{\"@id\":\"https:\/\/sevegra.com\/como-diferenciar-entre-obra-mayor-y-obra-menor-y-entender-la-dimension-de-las-reformas\/\"},\"wordCount\":453,\"publisher\":{\"@id\":\"https:\/\/sevegra.com\/#organization\"},\"image\":{\"@id\":\"https:\/\/sevegra.com\/como-diferenciar-entre-obra-mayor-y-obra-menor-y-entender-la-dimension-de-las-reformas\/#primaryimage\"},\"thumbnailUrl\":\"https:\/\/sevegra.com\/wp-content\/uploads\/2025\/06\/arquiteto3.jpg\",\"articleSection\":[\"Blog\"],\"inLanguage\":\"en-GB\"},{\"@type\":\"WebPage\",\"@id\":\"https:\/\/sevegra.com\/como-diferenciar-entre-obra-mayor-y-obra-menor-y-entender-la-dimension-de-las-reformas\/\",\"url\":\"https:\/\/sevegra.com\/como-diferenciar-entre-obra-mayor-y-obra-menor-y-entender-la-dimension-de-las-reformas\/\",\"name\":\"C\u00f3mo diferenciar entre obra mayor y obra menor y entender la dimensi\u00f3n de las reformas - Sevegra\",\"isPartOf\":{\"@id\":\"https:\/\/sevegra.com\/#website\"},\"primaryImageOfPage\":{\"@id\":\"https:\/\/sevegra.com\/como-diferenciar-entre-obra-mayor-y-obra-menor-y-entender-la-dimension-de-las-reformas\/#primaryimage\"},\"image\":{\"@id\":\"https:\/\/sevegra.com\/como-diferenciar-entre-obra-mayor-y-obra-menor-y-entender-la-dimension-de-las-reformas\/#primaryimage\"},\"thumbnailUrl\":\"https:\/\/sevegra.com\/wp-content\/uploads\/2025\/06\/arquiteto3.jpg\",\"datePublished\":\"2025-06-05T12:44:11+00:00\",\"dateModified\":\"2025-06-05T12:44:12+00:00\",\"breadcrumb\":{\"@id\":\"https:\/\/sevegra.com\/como-diferenciar-entre-obra-mayor-y-obra-menor-y-entender-la-dimension-de-las-reformas\/#breadcrumb\"},\"inLanguage\":\"en-GB\",\"potentialAction\":[{\"@type\":\"ReadAction\",\"target\":[\"https:\/\/sevegra.com\/como-diferenciar-entre-obra-mayor-y-obra-menor-y-entender-la-dimension-de-las-reformas\/\"]}]},{\"@type\":\"ImageObject\",\"inLanguage\":\"en-GB\",\"@id\":\"https:\/\/sevegra.com\/como-diferenciar-entre-obra-mayor-y-obra-menor-y-entender-la-dimension-de-las-reformas\/#primaryimage\",\"url\":\"https:\/\/sevegra.com\/wp-content\/uploads\/2025\/06\/arquiteto3.jpg\",\"contentUrl\":\"https:\/\/sevegra.com\/wp-content\/uploads\/2025\/06\/arquiteto3.jpg\",\"width\":1000,\"height\":524},{\"@type\":\"BreadcrumbList\",\"@id\":\"https:\/\/sevegra.com\/como-diferenciar-entre-obra-mayor-y-obra-menor-y-entender-la-dimension-de-las-reformas\/#breadcrumb\",\"itemListElement\":[{\"@type\":\"ListItem\",\"position\":1,\"name\":\"Portada\",\"item\":\"https:\/\/sevegra.com\/\"},{\"@type\":\"ListItem\",\"position\":2,\"name\":\"C\u00f3mo diferenciar entre obra mayor y obra menor y entender la dimensi\u00f3n de las reformas\"}]},{\"@type\":\"WebSite\",\"@id\":\"https:\/\/sevegra.com\/#website\",\"url\":\"https:\/\/sevegra.com\/\",\"name\":\"Sevegra\",\"description\":\"\",\"publisher\":{\"@id\":\"https:\/\/sevegra.com\/#organization\"},\"potentialAction\":[{\"@type\":\"SearchAction\",\"target\":{\"@type\":\"EntryPoint\",\"urlTemplate\":\"https:\/\/sevegra.com\/?s={search_term_string}\"},\"query-input\":{\"@type\":\"PropertyValueSpecification\",\"valueRequired\":true,\"valueName\":\"search_term_string\"}}],\"inLanguage\":\"en-GB\"},{\"@type\":\"Organization\",\"@id\":\"https:\/\/sevegra.com\/#organization\",\"name\":\"Sevegra S.L.\",\"url\":\"https:\/\/sevegra.com\/\",\"logo\":{\"@type\":\"ImageObject\",\"inLanguage\":\"en-GB\",\"@id\":\"https:\/\/sevegra.com\/#\/schema\/logo\/image\/\",\"url\":\"https:\/\/sevegra.com\/wp-content\/uploads\/2025\/05\/cropped-Logo-SEVEGRA-2.png\",\"contentUrl\":\"https:\/\/sevegra.com\/wp-content\/uploads\/2025\/05\/cropped-Logo-SEVEGRA-2.png\",\"width\":210,\"height\":51,\"caption\":\"Sevegra S.L.\"},\"image\":{\"@id\":\"https:\/\/sevegra.com\/#\/schema\/logo\/image\/\"},\"sameAs\":[\"https:\/\/www.facebook.com\/profile.php?id=100063737971205#\",\"https:\/\/x.com\/sevegra\"]},{\"@type\":\"Person\",\"@id\":\"https:\/\/sevegra.com\/#\/schema\/person\/910de0094ccdb7af2afa699605359aaa\",\"name\":\"admin\",\"image\":{\"@type\":\"ImageObject\",\"inLanguage\":\"en-GB\",\"@id\":\"https:\/\/secure.gravatar.com\/avatar\/ee660f13941df51faa563133702d1af20275fb2f47b25b8c9f238bdda470e7de?s=96&d=mm&r=g\",\"url\":\"https:\/\/secure.gravatar.com\/avatar\/ee660f13941df51faa563133702d1af20275fb2f47b25b8c9f238bdda470e7de?s=96&d=mm&r=g\",\"contentUrl\":\"https:\/\/secure.gravatar.com\/avatar\/ee660f13941df51faa563133702d1af20275fb2f47b25b8c9f238bdda470e7de?s=96&d=mm&r=g\",\"caption\":\"admin\"},\"sameAs\":[\"https:\/\/sevegra.com\"],\"url\":\"https:\/\/sevegra.com\/en\/author\/websistemas\/\"}]}<\/script>\n<!-- \/ Yoast SEO plugin. -->","yoast_head_json":{"title":"C\u00f3mo diferenciar entre obra mayor y obra menor y entender la dimensi\u00f3n de las reformas - Sevegra","robots":{"index":"index","follow":"follow","max-snippet":"max-snippet:-1","max-image-preview":"max-image-preview:large","max-video-preview":"max-video-preview:-1"},"canonical":"https:\/\/sevegra.com\/en\/como-diferenciar-entre-obra-mayor-y-obra-menor-y-entender-la-dimension-de-las-reformas\/","og_locale":"en_GB","og_type":"article","og_title":"C\u00f3mo diferenciar entre obra mayor y obra menor y entender la dimensi\u00f3n de las reformas - Sevegra","og_description":"Como puedes sospechar por su nombre, los&nbsp;t\u00e9rminos&nbsp;mayor&nbsp;o&nbsp;menor&nbsp;hacen referencia al grado y la magnitud de&nbsp;la intervenci\u00f3n. Por norma&nbsp;general, cuando las&nbsp;reformas&nbsp;que realizas afectan a elementos estructurales, estamos hablando de una&nbsp;obra mayor. Pero veamos m\u00e1s en profundidad las particularidades de cada tipo. Obra mayor Como hemos dicho, se trata de obras&nbsp;que tienen como objetivo la modificaci\u00f3n de aspectos...","og_url":"https:\/\/sevegra.com\/en\/como-diferenciar-entre-obra-mayor-y-obra-menor-y-entender-la-dimension-de-las-reformas\/","og_site_name":"Sevegra","article_publisher":"https:\/\/www.facebook.com\/profile.php?id=100063737971205#","article_published_time":"2025-06-05T12:44:11+00:00","article_modified_time":"2025-06-05T12:44:12+00:00","og_image":[{"width":1000,"height":524,"url":"https:\/\/sevegra.com\/wp-content\/uploads\/2025\/06\/arquiteto3.jpg","type":"image\/jpeg"}],"author":"admin","twitter_card":"summary_large_image","twitter_creator":"@sevegra","twitter_site":"@sevegra","twitter_misc":{"Written by":"admin","Estimated reading time":"2 minutes"},"schema":{"@context":"https:\/\/schema.org","@graph":[{"@type":"Article","@id":"https:\/\/sevegra.com\/como-diferenciar-entre-obra-mayor-y-obra-menor-y-entender-la-dimension-de-las-reformas\/#article","isPartOf":{"@id":"https:\/\/sevegra.com\/como-diferenciar-entre-obra-mayor-y-obra-menor-y-entender-la-dimension-de-las-reformas\/"},"author":{"name":"admin","@id":"https:\/\/sevegra.com\/#\/schema\/person\/910de0094ccdb7af2afa699605359aaa"},"headline":"C\u00f3mo diferenciar entre obra mayor y obra menor y entender la dimensi\u00f3n de las reformas","datePublished":"2025-06-05T12:44:11+00:00","dateModified":"2025-06-05T12:44:12+00:00","mainEntityOfPage":{"@id":"https:\/\/sevegra.com\/como-diferenciar-entre-obra-mayor-y-obra-menor-y-entender-la-dimension-de-las-reformas\/"},"wordCount":453,"publisher":{"@id":"https:\/\/sevegra.com\/#organization"},"image":{"@id":"https:\/\/sevegra.com\/como-diferenciar-entre-obra-mayor-y-obra-menor-y-entender-la-dimension-de-las-reformas\/#primaryimage"},"thumbnailUrl":"https:\/\/sevegra.com\/wp-content\/uploads\/2025\/06\/arquiteto3.jpg","articleSection":["Blog"],"inLanguage":"en-GB"},{"@type":"WebPage","@id":"https:\/\/sevegra.com\/como-diferenciar-entre-obra-mayor-y-obra-menor-y-entender-la-dimension-de-las-reformas\/","url":"https:\/\/sevegra.com\/como-diferenciar-entre-obra-mayor-y-obra-menor-y-entender-la-dimension-de-las-reformas\/","name":"C\u00f3mo diferenciar entre obra mayor y obra menor y entender la dimensi\u00f3n de las reformas - Sevegra","isPartOf":{"@id":"https:\/\/sevegra.com\/#website"},"primaryImageOfPage":{"@id":"https:\/\/sevegra.com\/como-diferenciar-entre-obra-mayor-y-obra-menor-y-entender-la-dimension-de-las-reformas\/#primaryimage"},"image":{"@id":"https:\/\/sevegra.com\/como-diferenciar-entre-obra-mayor-y-obra-menor-y-entender-la-dimension-de-las-reformas\/#primaryimage"},"thumbnailUrl":"https:\/\/sevegra.com\/wp-content\/uploads\/2025\/06\/arquiteto3.jpg","datePublished":"2025-06-05T12:44:11+00:00","dateModified":"2025-06-05T12:44:12+00:00","breadcrumb":{"@id":"https:\/\/sevegra.com\/como-diferenciar-entre-obra-mayor-y-obra-menor-y-entender-la-dimension-de-las-reformas\/#breadcrumb"},"inLanguage":"en-GB","potentialAction":[{"@type":"ReadAction","target":["https:\/\/sevegra.com\/como-diferenciar-entre-obra-mayor-y-obra-menor-y-entender-la-dimension-de-las-reformas\/"]}]},{"@type":"ImageObject","inLanguage":"en-GB","@id":"https:\/\/sevegra.com\/como-diferenciar-entre-obra-mayor-y-obra-menor-y-entender-la-dimension-de-las-reformas\/#primaryimage","url":"https:\/\/sevegra.com\/wp-content\/uploads\/2025\/06\/arquiteto3.jpg","contentUrl":"https:\/\/sevegra.com\/wp-content\/uploads\/2025\/06\/arquiteto3.jpg","width":1000,"height":524},{"@type":"BreadcrumbList","@id":"https:\/\/sevegra.com\/como-diferenciar-entre-obra-mayor-y-obra-menor-y-entender-la-dimension-de-las-reformas\/#breadcrumb","itemListElement":[{"@type":"ListItem","position":1,"name":"Portada","item":"https:\/\/sevegra.com\/"},{"@type":"ListItem","position":2,"name":"C\u00f3mo diferenciar entre obra mayor y obra menor y entender la dimensi\u00f3n de las reformas"}]},{"@type":"WebSite","@id":"https:\/\/sevegra.com\/#website","url":"https:\/\/sevegra.com\/","name":"Sevegra","description":"","publisher":{"@id":"https:\/\/sevegra.com\/#organization"},"potentialAction":[{"@type":"SearchAction","target":{"@type":"EntryPoint","urlTemplate":"https:\/\/sevegra.com\/?s={search_term_string}"},"query-input":{"@type":"PropertyValueSpecification","valueRequired":true,"valueName":"search_term_string"}}],"inLanguage":"en-GB"},{"@type":"Organization","@id":"https:\/\/sevegra.com\/#organization","name":"Sevegra S.L.","url":"https:\/\/sevegra.com\/","logo":{"@type":"ImageObject","inLanguage":"en-GB","@id":"https:\/\/sevegra.com\/#\/schema\/logo\/image\/","url":"https:\/\/sevegra.com\/wp-content\/uploads\/2025\/05\/cropped-Logo-SEVEGRA-2.png","contentUrl":"https:\/\/sevegra.com\/wp-content\/uploads\/2025\/05\/cropped-Logo-SEVEGRA-2.png","width":210,"height":51,"caption":"Sevegra S.L."},"image":{"@id":"https:\/\/sevegra.com\/#\/schema\/logo\/image\/"},"sameAs":["https:\/\/www.facebook.com\/profile.php?id=100063737971205#","https:\/\/x.com\/sevegra"]},{"@type":"Person","@id":"https:\/\/sevegra.com\/#\/schema\/person\/910de0094ccdb7af2afa699605359aaa","name":"admin","image":{"@type":"ImageObject","inLanguage":"en-GB","@id":"https:\/\/secure.gravatar.com\/avatar\/ee660f13941df51faa563133702d1af20275fb2f47b25b8c9f238bdda470e7de?s=96&d=mm&r=g","url":"https:\/\/secure.gravatar.com\/avatar\/ee660f13941df51faa563133702d1af20275fb2f47b25b8c9f238bdda470e7de?s=96&d=mm&r=g","contentUrl":"https:\/\/secure.gravatar.com\/avatar\/ee660f13941df51faa563133702d1af20275fb2f47b25b8c9f238bdda470e7de?s=96&d=mm&r=g","caption":"admin"},"sameAs":["https:\/\/sevegra.com"],"url":"https:\/\/sevegra.com\/en\/author\/websistemas\/"}]}},"_links":{"self":[{"href":"https:\/\/sevegra.com\/en\/wp-json\/wp\/v2\/posts\/2139","targetHints":{"allow":["GET"]}}],"collection":[{"href":"https:\/\/sevegra.com\/en\/wp-json\/wp\/v2\/posts"}],"about":[{"href":"https:\/\/sevegra.com\/en\/wp-json\/wp\/v2\/types\/post"}],"author":[{"embeddable":true,"href":"https:\/\/sevegra.com\/en\/wp-json\/wp\/v2\/users\/1"}],"replies":[{"embeddable":true,"href":"https:\/\/sevegra.com\/en\/wp-json\/wp\/v2\/comments?post=2139"}],"version-history":[{"count":1,"href":"https:\/\/sevegra.com\/en\/wp-json\/wp\/v2\/posts\/2139\/revisions"}],"predecessor-version":[{"id":2141,"href":"https:\/\/sevegra.com\/en\/wp-json\/wp\/v2\/posts\/2139\/revisions\/2141"}],"wp:featuredmedia":[{"embeddable":true,"href":"https:\/\/sevegra.com\/en\/wp-json\/wp\/v2\/media\/2140"}],"wp:attachment":[{"href":"https:\/\/sevegra.com\/en\/wp-json\/wp\/v2\/media?parent=2139"}],"wp:term":[{"taxonomy":"category","embeddable":true,"href":"https:\/\/sevegra.com\/en\/wp-json\/wp\/v2\/categories?post=2139"},{"taxonomy":"post_tag","embeddable":true,"href":"https:\/\/sevegra.com\/en\/wp-json\/wp\/v2\/tags?post=2139"}],"curies":[{"name":"wp","href":"https:\/\/api.w.org\/{rel}","templated":true}]}}